{"id":4104,"date":"2014-12-03T16:31:04","date_gmt":"2014-12-03T21:31:04","guid":{"rendered":"http:\/\/www.hivandrehab.ca\/?p=4104"},"modified":"2015-06-05T14:23:21","modified_gmt":"2015-06-05T18:23:21","slug":"enonce-de-position-du-gtcvrs-pour-marquer-la-journee-internationale-des-personnes-handicapees-2014","status":"publish","type":"post","link":"https:\/\/www.realizecanada.org\/fr\/enonce-de-position-du-gtcvrs-pour-marquer-la-journee-internationale-des-personnes-handicapees-2014\/","title":{"rendered":"\u00c9NONC\u00c9 DE POSITION DU GTCVRS POUR MARQUER LA JOURN\u00c9E INTERNATIONALE DES PERSONNES HANDICAP\u00c9ES 2014"},"content":{"rendered":"<p>Aujourd&rsquo;hui, en cette Journ\u00e9e internationale des personnes handicap\u00e9es, le Groupe de travail canadien sur le VIH et la r\u00e9insertion sociale (GTCVRS) rappelle l&rsquo;importance de reconna\u00eetre les d\u00e9fis particuliers auxquels sont confront\u00e9es les personnes vivant avec des invalidit\u00e9s \u00e9pisodiques et souligne la port\u00e9e inclusive des nouvelles technologies.<br \/>\nCette ann\u00e9e, le th\u00e8me de la Journ\u00e9e internationale des personnes handicap\u00e9es (JIPH) est : \u00ab D\u00e9veloppement durable : La promesse de la technologie \u00bb. La promesse de la technologie trouve fortement \u00e9cho chez toutes les personnes vivant avec des invalidit\u00e9s, y compris des invalidit\u00e9s \u00e9pisodiques, et leurs employeurs qui pourraient accepter de cr\u00e9er un environnement de travail propice, sans toutefois trop savoir comment proc\u00e9der.<\/p>\n<p>Souvent, lorsqu&rsquo;on parle d&rsquo;un handicap, la premi\u00e8re chose qui vient \u00e0 l&rsquo;esprit est un handicap permanent qui est relativement statique par nature. Le concept d&rsquo;\u00ab invalidit\u00e9 \u00e9pisodique \u00bb est une nouvelle fa\u00e7on de comprendre l&rsquo;exp\u00e9rience v\u00e9cue par de nombreux Canadiens qui souffrent de maladies chroniques marqu\u00e9es par l&rsquo;alternance entre des p\u00e9riodes de bonne sant\u00e9 et d&rsquo;invalidit\u00e9. Les gains au plan de la recherche, de la m\u00e9decine et de la r\u00e9adaptation transforment de plus en plus des maladies autrefois fatales en maladies chroniques. Le terme invalidit\u00e9 \u00e9pisodique englobe actuellement au moins 27 maladies chroniques diff\u00e9rentes (voir Furrie, 2010) . Par exemple, le VIH\/sida, la scl\u00e9rose en plaques (SP), l&rsquo;arthrite, le lupus et certaines formes de cancer que l&rsquo;on consid\u00e8re d\u00e9sormais comme des maladies chroniques mais \u00e9pisodiquement invalidantes pour bien des gens.<\/p>\n<p>Depuis 2001, le GTCVRS travaille \u00e0 l&rsquo;\u00e9chelle nationale sur des questions sp\u00e9cifiques aux invalidit\u00e9s \u00e9pisodiques en se concentrant sur la recherche, les politiques et les programmes qui exercent un impact sur la sant\u00e9 et la qualit\u00e9 de vie, l&rsquo;inclusion sociale, l&#8217;emploi et la s\u00e9curit\u00e9 du revenu chez les personnes aux prises avec une invalidit\u00e9 \u00e9pisodique. Le plus souvent, les personnes vivant avec des invalidit\u00e9s \u00e9pisodiques souhaitent revenir sur le march\u00e9 du travail et y rester s&rsquo;ils s&rsquo;y trouvent d\u00e9j\u00e0. Mais beaucoup d&rsquo;entre elles en sont incapables faut d&rsquo;accommodements de la part de leurs employeurs. Ces accommodements peuvent \u00eatre physiques, par exemple postes de travail \u00e0 distance ou services de t\u00e9l\u00e9conf\u00e9rences pour faciliter le travail \u00e0 domicile.<br \/>\nCette ann\u00e9e marque le 22e anniversaire de cette JIPH depuis sa proclamation par l&rsquo;Assembl\u00e9e g\u00e9n\u00e9rale des Nations Unies sous la forme de la r\u00e9solution 47\/3. La comm\u00e9moration de cette Journ\u00e9e vise \u00e0 promouvoir une meilleure compr\u00e9hension des questions entourant les invalidit\u00e9s et \u00e0 mobiliser le soutien pour la dignit\u00e9, les droits et le bien-\u00eatre des personnes vivant avec des invalidit\u00e9s. Cette Journ\u00e9e cherche \u00e9galement \u00e0 mieux faire conna\u00eetre les gains associ\u00e9s \u00e0 l&rsquo;inclusion des personnes vivant avec des invalidit\u00e9s dans tous les aspects de la vie, politiques, sociaux, \u00e9conomiques et culturels.<\/p>\n<p>Alors que cette semaine se croisent les chemins du VIH et des invalidit\u00e9s (avec la tenue de la Journ\u00e9e mondiale du sida le 1er d\u00e9cembre), le GTCVRS confirme son engagement \u00e0 faire en sorte que la promesse de la technologie soit remplie pour les personnes vivant avec le VIH et d&rsquo;autres maladies \u00e9pisodiques.<\/p>\n","protected":false},"excerpt":{"rendered":"<p>Aujourd&rsquo;hui, en cette Journ\u00e9e internationale des personnes handicap\u00e9es, le Groupe de travail canadien sur le VIH et la r\u00e9insertion sociale&hellip;<\/p>\n","protected":false},"author":2,"featured_media":0,"comment_status":"closed","ping_status":"closed","sticky":false,"template":"","format":"standard","meta":{"_acf_changed":false,"inline_featured_image":false,"_genesis_hide_title":false,"_genesis_hide_breadcrumbs":false,"_genesis_hide_singular_image":false,"_genesis_hide_footer_widgets":false,"_genesis_custom_body_class":"","_genesis_custom_post_class":"","_genesis_layout":"","jetpack_post_was_ever_published":false,"_jetpack_newsletter_access":"","_jetpack_dont_email_post_to_subs":false,"_jetpack_newsletter_tier_id":0,"_jetpack_memberships_contains_paywalled_content":false,"_jetpack_memberships_contains_paid_content":false,"footnotes":""},"categories":[143],"tags":[],"class_list":{"0":"post-4104","1":"post","2":"type-post","3":"status-publish","4":"format-standard","6":"category-quoi-de-neuf","7":"entry"},"acf":[],"featured_image_src":null,"featured_image_src_square":null,"author_info":{"display_name":"Chad Mohr","author_link":"https:\/\/www.realizecanada.org\/fr\/author\/chad\/"},"jetpack_featured_media_url":"","jetpack_sharing_enabled":true,"jetpack_shortlink":"https:\/\/wp.me\/p9qZtH-14c","_links":{"self":[{"href":"https:\/\/www.realizecanada.org\/fr\/wp-json\/wp\/v2\/posts\/4104","targetHints":{"allow":["GET"]}}],"collection":[{"href":"https:\/\/www.realizecanada.org\/fr\/wp-json\/wp\/v2\/posts"}],"about":[{"href":"https:\/\/www.realizecanada.org\/fr\/wp-json\/wp\/v2\/types\/post"}],"author":[{"embeddable":true,"href":"https:\/\/www.realizecanada.org\/fr\/wp-json\/wp\/v2\/users\/2"}],"replies":[{"embeddable":true,"href":"https:\/\/www.realizecanada.org\/fr\/wp-json\/wp\/v2\/comments?post=4104"}],"version-history":[{"count":1,"href":"https:\/\/www.realizecanada.org\/fr\/wp-json\/wp\/v2\/posts\/4104\/revisions"}],"predecessor-version":[{"id":4105,"href":"https:\/\/www.realizecanada.org\/fr\/wp-json\/wp\/v2\/posts\/4104\/revisions\/4105"}],"wp:attachment":[{"href":"https:\/\/www.realizecanada.org\/fr\/wp-json\/wp\/v2\/media?parent=4104"}],"wp:term":[{"taxonomy":"category","embeddable":true,"href":"https:\/\/www.realizecanada.org\/fr\/wp-json\/wp\/v2\/categories?post=4104"},{"taxonomy":"post_tag","embeddable":true,"href":"https:\/\/www.realizecanada.org\/fr\/wp-json\/wp\/v2\/tags?post=4104"}],"curies":[{"name":"wp","href":"https:\/\/api.w.org\/{rel}","templated":true}]}}